{"id":491,"date":"2021-03-04T08:00:09","date_gmt":"2021-03-04T08:00:09","guid":{"rendered":"https:\/\/www.calu.de\/blog\/?p=491"},"modified":"2025-04-23T06:47:42","modified_gmt":"2025-04-23T06:47:42","slug":"geniesse-den-moment-lebe-jetzt","status":"publish","type":"post","link":"https:\/\/www.calu.de\/blog\/geniesse-den-moment-lebe-jetzt\/","title":{"rendered":"Gl\u00fccksmomente leben"},"content":{"rendered":"\n<p>Inhalt<\/p>\n\n\n\n<ul class=\"wp-block-list\"><li><a href=\"#achtsamer-werden\">Achtsamer werden<\/a><\/li><li><a href=\"#genuss-bedeutung\">Genuss &#8211; was bedeutet das?<\/a><\/li><li><a href=\"#Genuss-Momente\">Unsere pers\u00f6nlichen Genuss-Momente<\/a><\/li><li><a href=\"#Genuss-Ideen\">25 Ideen f\u00fcr kleine Momente zum Genie\u00dfen<\/a><\/li><\/ul>\n\n\n\n<div style=\"height:100px\" aria-hidden=\"true\" class=\"wp-block-spacer\"><\/div>\n\n\n\n<p>Wir haben uns in unserem Team mal hingesetzt und \u00fcberlegt, was uns so richtig gl\u00fccklich macht. Wie k\u00f6nnen wir Genuss-Momente feiern? Was braucht es dazu? Fallen Genuss-Momente einfach so vom Himmel oder m\u00fcssen wir sie selbst kreieren? <\/p>\n\n\n\n<p>Meist bedarf es ein bisschen \u00bbAufwand\u00ab, um sich etwas zu g\u00f6nnen: <\/p>\n\n\n\n<ul class=\"wp-block-list\"><li>etwas Zeit \u00bbfreistellen\u00ab<\/li><li>ein Date mit sich selbst oder anderen verabreden<\/li><li>Dinge f\u00fcr den Genuss vorbereiten<\/li><\/ul>\n\n\n\n<p>Manchmal reicht es aber auch schon, mit offenen Augen durch den Alltag zu gehen und bewusst Dinge zu genie\u00dfen, wie z. B. das Vogelgezwitscher auf dem Weg zur Arbeit.<\/p>\n\n\n\n<h2 class=\"wp-block-heading\" id=\"achtsamer-werden\">Achtsamer werden<\/h2>\n\n\n\n<p>Das Bewusstsein sch\u00e4rfen. Dankbar sein. Das Leben feiern. Aus Alltagssituationen Gl\u00fccksmomente werden lassen. Die Zeit nutzen. Den Augenblick genie\u00dfen, zufrieden sein &#8211; diese Momente erlauben wir uns selbst viel zu wenig. Ich darf nur f\u00fcr mich selber da sein, im Hier und Jetzt. Mehr darauf h\u00f6ren, was mir guttut, den Moment in vollen Z\u00fcgen genie\u00dfen, ohne dr\u00fcber nachzudenken, wie sinnvoll es gerade ist. Das s\u00fc\u00dfe Nichtstun.<\/p>\n\n\n\n<h2 class=\"wp-block-heading\" id=\"genuss-bedeutung\">Genuss \u2013 was bedeutet das?<\/h2>\n\n\n\n<p>Genuss ist, wenn wir etwas Positives mit unseren Sinnen erleben. Die Schwarzw\u00e4lder Kirschtorte, die Lieblingssong-Playlist, eine Umarmung, der Anblick eines Bergpanoramas oder der Duft von warmen Sommerregen.<\/p>\n\n\n\n<p>Was das Herz zum Singen bringt, ist sicher f\u00fcr jeden Menschen etwas anderes und so individuell wie wir selbst. Es geht letztendlich aber nur darum, \u00bbes\u00ab sich zu erlauben und zu genie\u00dfen.<\/p>\n\n\n\n<h2 class=\"wp-block-heading\" id=\"Genuss-Momente\">Unsere pers\u00f6nlichen Genuss-Momente<\/h2>\n\n\n\n<p>Auch wir im Calu-Team haben unsere ganz speziellen Wohlf\u00fchl-Momente, die wir uns g\u00f6nnen. Wir laden dich ein, ein bisschen hinter die Kulissen zu schauen und uns ein wenig besser kennenzulernen.<\/p>\n\n\n\n<div class=\"wp-block-group alignfull\"><div class=\"wp-block-group__inner-container is-layout-flow wp-block-group-is-layout-flow\">\n<div class=\"wp-block-image is-style-rounded\"><figure class=\"aligncenter size-large is-resized\"><img loading=\"lazy\" decoding=\"async\" src=\"https:\/\/www.calu.de\/blog\/wp-content\/uploads\/2021\/02\/claudia-avatar.jpg\" alt=\"L\u00e4chelnder Avatar von Claudia mit grauen schulterlangen Haaren\" class=\"wp-image-553\" width=\"158\" height=\"191\"\/><\/figure><\/div>\n\n\n\n<h2 class=\"has-text-align-center tw-mt-0 wp-block-heading\">Claudia, 54<\/h2>\n\n\n\n<p class=\"has-text-align-center\">F\u00fcr mich ist so eine Wohlf\u00fchlzeit zum Beispiel ein entspannter Nachmittag mit meinen Katzen auf dem Sofa, eine Tasse Tee, ein sch\u00f6nes H\u00f6rbuch \u2026 abtauchen \u2026 soooo sch\u00f6n. <\/p>\n\n\n\n<p class=\"has-text-align-center\">Daf\u00fcr m\u00f6chte ich mir in Zukunft gerne noch mehr Zeit nehmen, weil es meiner Seele guttut.<\/p>\n<\/div><\/div>\n\n\n\n<div class=\"wp-block-image is-style-tw-frame\"><figure class=\"aligncenter size-large\"><img loading=\"lazy\" decoding=\"async\" width=\"600\" height=\"450\" src=\"https:\/\/www.calu.de\/blog\/wp-content\/uploads\/2021\/02\/zwei-kater-schlafen-auf-sofa.jpg\" alt=\"Zwei Katzen liegen auf dem Sofa und schlafen\" class=\"wp-image-658\"\/><figcaption>\u00bb Gem\u00fctliche Kuschelzeit f\u00e4llt meinen Katzen nie schwer. \u00ab<\/figcaption><\/figure><\/div>\n\n\n\n<div class=\"wp-block-group alignfull\"><div class=\"wp-block-group__inner-container is-layout-flow wp-block-group-is-layout-flow\">\n<div class=\"wp-block-image is-style-rounded\"><figure class=\"aligncenter size-large is-resized\"><img loading=\"lazy\" decoding=\"async\" src=\"https:\/\/www.calu.de\/blog\/wp-content\/uploads\/2021\/02\/sarah-avatar.jpg\" alt=\"L\u00e4chelnder Avatar von Sarah mit blondem Dutt, sie zwinkert mit dem rechten Auge\" class=\"wp-image-554\" width=\"158\" height=\"219\"\/><\/figure><\/div>\n\n\n\n<h2 class=\"has-text-align-center tw-mt-0 wp-block-heading\">Sarah, 24<\/h2>\n\n\n\n<p class=\"has-text-align-center\">Ich habe zur Zeit extrem den Drang, mich jeden Tag zu bewegen. Jap ich gebe zu, dass ich gerade einem der derzeitig neusten \ud83d\ude09 Hobbys, n\u00e4mlich \u00bbdem Spazierengehen\u00ab nachgehe \u2013 and I love it. Das Gef\u00fchl von Freiheit, einfach dort hinzugehen, wo ich grad drauf Bock hab und dabei auch noch etwas Gutes f\u00fcr meinen K\u00f6rper zu tun \u2013 absolut obergenial! Ich gehe nun schon seit einigen Wochen bzw. Monaten nahezu jeden Tag auf den unterschiedlichsten Wegen von der Arbeit nach Hause und entdecke dabei immer wieder neue Gegenden und das, obwohl ich schon 24 Jahre in dieser Stadt wohne. Okay, oft lauf ich auch denselben Weg, aber das klang so gut und ist auch nicht ganz gelogen. \ud83d\ude00 <\/p>\n\n\n\n<p class=\"has-text-align-center\">Dabei begleiten mich die unterschiedlichsten Podcasts \u2013 meistens h\u00f6re ich jedoch Shows zum Thema Psychologie, grad ist mein Fokusthema \u00bbdie Achtsamkeit\u00ab. Ich find\u2018s einfach megainteressant und auch wichtig, mich mit meiner mentalen Gesundheit zu befassen. Wenn ich grad mal keinen Spa\u00df am Podcasth\u00f6ren hab, setz ich meine Kopfh\u00f6rer auf und lass mich von wundervoller Musik berieseln. Musik geht doch auch einfach immer und mit dem richtigen Soundtrack macht alles gleich doppelt so viel Spa\u00df.<\/p>\n\n\n\n<p class=\"has-text-align-center\">F\u00fcr mich ist es wichtig, mich an den kleinen Dingen im Leben erfreuen zu k\u00f6nnen. Auch ein eher \u00bb\u00f6der Spaziergang\u00ab kann zu einem ganz pers\u00f6nlichen Abenteuer werden. Ich laufe einfach los und schau, wo es mich so hintreibt. Oft sto\u00dfe ich sogar auf die Herausforderung, zu weit gelaufen zu sein und wieder nach Hause finden bzw. laufen zu m\u00fcssen. Das Leben w\u00e4re doch auch langweilig, wenn alles ohne Anstrengungen verlaufen w\u00fcrde. F\u00fcr mich zumindest \ud83d\ude09<\/p>\n<\/div><\/div>\n\n\n\n<div class=\"wp-block-image is-style-tw-frame\"><figure class=\"aligncenter size-large\"><img loading=\"lazy\" decoding=\"async\" width=\"600\" height=\"400\" src=\"https:\/\/www.calu.de\/blog\/wp-content\/uploads\/2021\/02\/frau-doest-entspannt-in-haengematte.jpg\" alt=\"Frau d\u00f6st in einer H\u00e4ngematte in der Sonne\" class=\"wp-image-659\"\/><figcaption>\u00bb Ich liebe es auch, gem\u00fctlich in der Sonne d\u00f6sen und nichts zu tun. \u00ab<\/figcaption><\/figure><\/div>\n\n\n\n<div class=\"wp-block-group alignfull\"><div class=\"wp-block-group__inner-container is-layout-flow wp-block-group-is-layout-flow\">\n<div class=\"wp-block-image is-style-rounded\"><figure class=\"aligncenter size-large is-resized\"><img loading=\"lazy\" decoding=\"async\" src=\"https:\/\/www.calu.de\/blog\/wp-content\/uploads\/2021\/02\/steffi-avatar.jpg\" alt=\"L\u00e4chelnder Avatar von Steffi mit blonden schulterlangen Haaren, sie blickt verschmitzt nach rechts\" class=\"wp-image-555\" width=\"158\" height=\"215\"\/><\/figure><\/div>\n\n\n\n<h2 class=\"has-text-align-center tw-mt-0 wp-block-heading\">Steffi, 48<\/h2>\n\n\n\n<p class=\"has-text-align-center\">Der Alltag h\u00e4lt einen zwar meistens auf Trab, aber ich brauche nicht lange nachzudenken, um meine besten Wohlf\u00fchlmomente aufzuschreiben. Um mein Gl\u00fccksk\u00e4nnchen wieder mit Gl\u00fcckshormonen aufzuf\u00fcllen, tut mir ein gem\u00fctliches Familienfr\u00fchst\u00fcck und ein entspannter Spaziergang mit unserem Hund gut. Wenn ich dann noch in Gesellschaft unterwegs bin und wir mit einer Aussicht auf die Allg\u00e4uer Alpen ein Bierchen in der Sonne trinken k\u00f6nnen, ist das ein unglaublicher Gl\u00fccksmoment \ud83d\ude09<\/p>\n\n\n\n<p class=\"has-text-align-center\"><br>Es ist doch immer wieder unglaublich befriedigend, wenn man nach einer langen Fahrradtour oder einer sch\u00f6nen Wanderung nach Hause kommt und wei\u00df, dass man sich nach einem Tag im Gr\u00fcnen etwas Gutes getan hat.<\/p>\n<\/div><\/div>\n\n\n\n<div class=\"wp-block-image is-style-tw-frame\"><figure class=\"aligncenter size-large\"><img loading=\"lazy\" decoding=\"async\" width=\"600\" height=\"207\" src=\"https:\/\/www.calu.de\/blog\/wp-content\/uploads\/2021\/02\/blick-alpen-kette.jpg\" alt=\"Blick ins gr\u00fcne Allg\u00e4u mit Alpenkette am Horizont\" class=\"wp-image-660\"\/><figcaption>\u00bb Diesen traumhaften Blick auf die Allg\u00e4uer Alpen genie\u00dfe ich quasi von der Haust\u00fcr aus. \u00ab<\/figcaption><\/figure><\/div>\n\n\n\n<div class=\"wp-block-group alignfull\"><div class=\"wp-block-group__inner-container is-layout-flow wp-block-group-is-layout-flow\">\n<div class=\"wp-block-image is-style-rounded\"><figure class=\"aligncenter size-large is-resized\"><img loading=\"lazy\" decoding=\"async\" src=\"https:\/\/www.calu.de\/blog\/wp-content\/uploads\/2021\/02\/eva-avatar.jpg\" alt=\"L\u00e4chelnder Avatar von Eva mit blondem Zopf\" class=\"wp-image-556\" width=\"158\" height=\"215\"\/><\/figure><\/div>\n\n\n\n<h2 class=\"has-text-align-center tw-mt-0 wp-block-heading\">Eva, 34<\/h2>\n\n\n\n<p class=\"has-text-align-center\">F\u00fcr viele vielleicht vollkommen unvorstellbar, f\u00fcr mich aber unwiderstehlich. Meine absolute Wohlf\u00fchlzeit beginnt bereits morgens um 4.45 Uhr, fernab des Trubels, wenn alle anderen noch schlafen. Ich genie\u00dfe diese \u00bbstillen Stunden\u00ab, um mir selbst ein bisschen Zeit zu widmen. Daf\u00fcr stehe ich tats\u00e4chlich gerne fr\u00fcher auf \ud83d\ude42 <\/p>\n\n\n\n<p class=\"has-text-align-center\">Ich schaffe mir diesen Freiraum, um mir selber etwas Gutes zu tun. Und wenn ich mal keine Lust habe, ist das auch OK. Ich f\u00fchle mich megagut, wenn ich so entspannt in den Tag zu starte, bevor ich um 7 Uhr mit der Arbeit beginne: Entweder g\u00f6nne ich mir ein \u00bbDirty Dancing\u00ab-Work-out, eine Yoga-Stunde oder ein paar Affirmationen &#8211; je nachdem, wonach K\u00f6rper und Geist gerade verlangen. Dann noch schnell mein leckeres Fr\u00fchst\u00fcck gekocht und ab gehts \ud83d\ude42<\/p>\n\n\n\n<p class=\"has-text-align-center\">Am Wochenende nutze ich diese morgendliche Zeit auch sehr gerne, um schon mal den Hausputz zu erledigen, so lange die anderen noch schlafen &#8230; dann hab ich den Rest des Wochenendes komplett f\u00fcr mich \ud83d\ude42<\/p>\n<\/div><\/div>\n\n\n\n<figure class=\"wp-block-image size-large is-resized is-style-tw-frame\"><img loading=\"lazy\" decoding=\"async\" src=\"https:\/\/www.calu.de\/blog\/wp-content\/uploads\/2021\/02\/sandwich-crumbles-tee-gedeckter-tisch.jpg\" alt=\"Reich gedeckter Tisch mit Sandwiches, Crumbles, Scones, Tee, Kaffee im Sonnenschein des Gartens\" class=\"wp-image-655\" width=\"600\" height=\"419\"\/><figcaption>\u00bb Mein absoluter Genuss-Moment, den ich mir hin und wieder g\u00f6nne: Englische Sandwiches mit Mango-Chutney, Scones mit Marmelade, Crumbles mit Vanillesauce &#8211; und das alles mit meinem Schatz &#8211; herrlich! \u00ab<\/figcaption><\/figure>\n\n\n\n<div class=\"wp-block-group alignfull\"><div class=\"wp-block-group__inner-container is-layout-flow wp-block-group-is-layout-flow\">\n<div class=\"wp-block-image is-style-rounded\"><figure class=\"aligncenter size-large is-resized\"><img loading=\"lazy\" decoding=\"async\" src=\"https:\/\/www.calu.de\/blog\/wp-content\/uploads\/2021\/02\/marina-avatar.jpg\" alt=\"L\u00e4chelnder Avatar von Marina mit roten Haaren und Brille\" class=\"wp-image-557\" width=\"158\" height=\"215\"\/><\/figure><\/div>\n\n\n\n<h2 class=\"has-text-align-center tw-mt-0 wp-block-heading\">Marina, 35<\/h2>\n\n\n\n<p class=\"has-text-align-center\">Mir ist es sehr wichtig, in meiner Alltagsroutine auf mich selbst Acht zu geben und mir und meinen Bed\u00fcrfnissen nachzukommen. Denn nur dann kann ich auch im Alltag zu 100 % funktionieren. Deshalb ist es f\u00fcr mich so wichtig, Zeit f\u00fcr mich zu nehmen, um meine Akkus aufzuladen &#8211; fern ab von allen Verpflichtungen. <\/p>\n\n\n\n<p class=\"has-text-align-center\">Solch eine Quality-Time ist f\u00fcr mich ein ausgiebiges Mittagsschl\u00e4fchen mit meiner H\u00fcndin unter der Bettdecke &#8211; ich nenne es gerne auch \u00bbSiesta\u00ab. Anschlie\u00dfend eine trashige Serie kucken und am besten ein Abendessen to go. Ein paar Stunden Auszeit vom Alltag und die Welt ist wieder in Ordnung.&nbsp;<\/p>\n<\/div><\/div>\n\n\n\n<figure class=\"wp-block-image size-large is-style-tw-frame\"><img loading=\"lazy\" decoding=\"async\" width=\"600\" height=\"441\" src=\"https:\/\/www.calu.de\/blog\/wp-content\/uploads\/2021\/02\/hund-schlaeft-im-bett.jpg\" alt=\"\" class=\"wp-image-656\"\/><figcaption>\u00bb Balsam f\u00fcr die Seele \u00ab<\/figcaption><\/figure>\n\n\n\n<p>Wie oft g\u00f6nnst du es dir, die Arbeit Arbeit sein zu lassen und darauf zu h\u00f6ren, worauf du wirklich Lust hast? Wie oft erlaubst du dir einen Genuss-Moment in Alltag?<\/p>\n\n\n\n<p><strong>Erz\u00e4hle uns, was du absolut genie\u00dfen kannst.<\/strong> Keine Idee?<\/p>\n\n\n\n<p>Als kleine Inspiration haben wir f\u00fcr dich noch ein paar Impulse zusammengetragen, wie du ein bisschen Auszeit in deinen Alltag holen kannst. Viel Spa\u00df beim Ausprobieren \ud83d\ude42<\/p>\n\n\n\n<div class=\"wp-block-group alignfull is-layout-flow wp-block-group-is-layout-flow\"><div class=\"wp-block-group__inner-container\"><\/div><\/div>\n\n\n\n<h2 class=\"wp-block-heading\" id=\"Genuss-Ideen\">25 Ideen f\u00fcr kleine Momente zum Genie\u00dfen<\/h2>\n\n\n\n<ol class=\"is-style-default wp-block-list\"><li>Bewusst die Natur mit allen Sinnen genie\u00dfen, der Duft des Waldes, der steinige Kiesweg, das Rauschen des Bachs, &#8230;<\/li><li>Ein paar Kerzen anz\u00fcnden, ein Duftl\u00e4mpchen anmachen<\/li><li>Entspannende Musik anh\u00f6ren<\/li><li>Sich mit einem lieben Menschen unterhalten<\/li><li>Einen gro\u00dfen Eisbecher essen<\/li><li>Musik anh\u00f6ren und lauthals mitsingen<\/li><li>Sich einen lang gehegten Wunsch erf\u00fcllen, ohne Wenn und Aber<\/li><li>Einfach mal nicht aufr\u00e4umen und stattdessen den Tag genie\u00dfen<\/li><li>Dinge tun, die man zuletzt als Kind getan hat, z. B. ein Klingelstreich oder Schlittenfahren<\/li><li>Etwas \u00bbUnn\u00f6tiges\u00ab shoppen<\/li><li>Zeit mit einem Tier verbringen<\/li><li>Sich ein Schaumbad einlassen<\/li><li>Ein Gl\u00e4schen Wein auf der Terrasse genie\u00dfen<\/li><li>Das Lieblingsessen liefern lassen<\/li><li>Eine Massage<\/li><li>Einfach mal das Smartphone ausschalten<\/li><li>Spazierengehen<\/li><li>Blumen kaufen (oder auch verschenken)<\/li><li>Tanzen, egal ob allein oder zu zweit<\/li><li>Die Sahne vom R\u00fchrbesen ablecken<\/li><li>Im Garten herumw\u00fchlen<\/li><li>Wellness-Tag zu Hause<\/li><li>Eine neue Sportart ausprobieren, z. B. Stand-up-Paddling<\/li><li>Sonne tanken und chillen<\/li><li>Ein Bild malen<\/li><\/ol>\n\n\n\n<p>Herzlichst, Eure Claudia Fischer<\/p>\n","protected":false},"excerpt":{"rendered":"<p>Gefangen im Hamsterrad des Alltags rennen wir unserem vollgestopften Zeitplan hinterher und vergessen uns selbst dabei. \u00bbIch muss noch staubsaugen, Sport machen, supergesund kochen, anspruchsvolle Literatur lesen, ich muss, ich muss, ich muss \u2026 gar nichts.\u00ab<\/p>\n","protected":false},"author":3,"featured_media":652,"comment_status":"open","ping_status":"open","sticky":false,"template":"","format":"standard","meta":{"footnotes":""},"categories":[44],"tags":[45,48],"class_list":["post-491","post","type-post","status-publish","format-standard","has-post-thumbnail","hentry","category-lifestyle","tag-geniessen","tag-leben"],"_links":{"self":[{"href":"https:\/\/www.calu.de\/blog\/wp-json\/wp\/v2\/posts\/491","targetHints":{"allow":["GET"]}}],"collection":[{"href":"https:\/\/www.calu.de\/blog\/wp-json\/wp\/v2\/posts"}],"about":[{"href":"https:\/\/www.calu.de\/blog\/wp-json\/wp\/v2\/types\/post"}],"author":[{"embeddable":true,"href":"https:\/\/www.calu.de\/blog\/wp-json\/wp\/v2\/users\/3"}],"replies":[{"embeddable":true,"href":"https:\/\/www.calu.de\/blog\/wp-json\/wp\/v2\/comments?post=491"}],"version-history":[{"count":70,"href":"https:\/\/www.calu.de\/blog\/wp-json\/wp\/v2\/posts\/491\/revisions"}],"predecessor-version":[{"id":3082,"href":"https:\/\/www.calu.de\/blog\/wp-json\/wp\/v2\/posts\/491\/revisions\/3082"}],"wp:featuredmedia":[{"embeddable":true,"href":"https:\/\/www.calu.de\/blog\/wp-json\/wp\/v2\/media\/652"}],"wp:attachment":[{"href":"https:\/\/www.calu.de\/blog\/wp-json\/wp\/v2\/media?parent=491"}],"wp:term":[{"taxonomy":"category","embeddable":true,"href":"https:\/\/www.calu.de\/blog\/wp-json\/wp\/v2\/categories?post=491"},{"taxonomy":"post_tag","embeddable":true,"href":"https:\/\/www.calu.de\/blog\/wp-json\/wp\/v2\/tags?post=491"}],"curies":[{"name":"wp","href":"https:\/\/api.w.org\/{rel}","templated":true}]}}