{"id":335,"date":"2021-01-08T13:36:43","date_gmt":"2021-01-08T13:36:43","guid":{"rendered":"https:\/\/www.calu.de\/blog\/?p=335"},"modified":"2021-01-08T13:42:09","modified_gmt":"2021-01-08T13:42:09","slug":"jahresrueckblick-2020","status":"publish","type":"post","link":"https:\/\/www.calu.de\/blog\/jahresrueckblick-2020\/","title":{"rendered":"Jahresr\u00fcckblick 2020"},"content":{"rendered":"\n<p>Liebe Leserin, lieber Leser,<br>ein bewegtes und herausforderndes Jahr 2020 ist vorbei. Dennoch gelang es uns, miteinander viele Ziele und Projekte zu realisieren.<\/p>\n\n\n\n<h2 class=\"wp-block-heading\">Wir sind &#8222;Spitze&#8220;<\/h2>\n\n\n\n<p>Mit dem Motto \u201eGemeinsam sind wir Spitze\u201c starteten wir Anfang M\u00e4rz eine Spendenaktion f\u00fcr das Frauenhaus Memmingen, das Frauen in Not in unserer Heimatstadt sch\u00fctzt und unterst\u00fctzt. Wir spendeten 6 Wochen lang 1 Euro pro Calu-Bestellung (ab einem Auftragswert von 50 Euro). Zu unserer gro\u00dfen Freude sind 5.000 Euro zusammengekommen, die wir dem Frauenhaus \u00fcbergeben konnten. Um das Motto &#8222;Spitze&#8220; auch grafisch aufzunehmen haben wir passend dazu die Werbekampagne mit Spitzen-Motiven gestaltet.<\/p>\n\n\n\n<figure class=\"wp-block-gallery columns-2 is-cropped tw-cols-large wp-block-gallery-1 is-layout-flex wp-block-gallery-is-layout-flex\"><ul class=\"blocks-gallery-grid\"><li class=\"blocks-gallery-item\"><figure><img loading=\"lazy\" decoding=\"async\" width=\"1000\" height=\"1000\" src=\"https:\/\/www.calu.de\/blog\/wp-content\/uploads\/2021\/01\/Spitze.jpg\" alt=\"Ansicht der Werbung, die die Calu-Spendenaktion f\u00fcr das Frauenhaus Memmingenank\u00fcndigt\" data-id=\"312\" data-full-url=\"https:\/\/www.calu.de\/blog\/wp-content\/uploads\/2021\/01\/Spitze.jpg\" data-link=\"https:\/\/www.calu.de\/blog\/?attachment_id=312\" class=\"wp-image-312\" srcset=\"https:\/\/www.calu.de\/blog\/wp-content\/uploads\/2021\/01\/Spitze.jpg 1000w, https:\/\/www.calu.de\/blog\/wp-content\/uploads\/2021\/01\/Spitze-300x300.jpg 300w, https:\/\/www.calu.de\/blog\/wp-content\/uploads\/2021\/01\/Spitze-150x150.jpg 150w, https:\/\/www.calu.de\/blog\/wp-content\/uploads\/2021\/01\/Spitze-768x768.jpg 768w\" sizes=\"auto, (max-width: 1000px) 100vw, 1000px\" \/><\/figure><\/li><li class=\"blocks-gallery-item\"><figure><img loading=\"lazy\" decoding=\"async\" width=\"1000\" height=\"1000\" src=\"https:\/\/www.calu.de\/blog\/wp-content\/uploads\/2021\/01\/spendenscheck.jpg\" alt=\"Claudia Fischer \u00fcberreicht 5000-Euro-Spendenscheck an Frauenhaus-Mitarbeiterin\" data-id=\"313\" data-full-url=\"https:\/\/www.calu.de\/blog\/wp-content\/uploads\/2021\/01\/spendenscheck.jpg\" data-link=\"https:\/\/www.calu.de\/blog\/?attachment_id=313\" class=\"wp-image-313\" srcset=\"https:\/\/www.calu.de\/blog\/wp-content\/uploads\/2021\/01\/spendenscheck.jpg 1000w, https:\/\/www.calu.de\/blog\/wp-content\/uploads\/2021\/01\/spendenscheck-300x300.jpg 300w, https:\/\/www.calu.de\/blog\/wp-content\/uploads\/2021\/01\/spendenscheck-150x150.jpg 150w, https:\/\/www.calu.de\/blog\/wp-content\/uploads\/2021\/01\/spendenscheck-768x768.jpg 768w\" sizes=\"auto, (max-width: 1000px) 100vw, 1000px\" \/><\/figure><\/li><\/ul><figcaption class=\"blocks-gallery-caption\">Claudia Fischer \u00fcbergibt den Spendenscheck an die Frauenhaus-Chefin<\/figcaption><\/figure>\n\n\n\n<h2 class=\"wp-block-heading\">Vorhang auf<\/h2>\n\n\n\n<p>Ein lang gehegtes Projekt wurde im Juli realisiert: Wir produzierten 22 Kurzfilme, die die Anwendung der einzelnen Calu-Kosmetik-Produkte und das Calu-Pflegesystem zeigen und von Schauspielerin Nicola Tiggeler erkl\u00e4rt werden. Sie benutzt die Calu Wirkstoffkosmetik selbst und ist von Qualit\u00e4t und Wirkung absolut begeistert. &gt;&gt; <a rel=\"noreferrer noopener\" href=\"https:\/\/www.youtube.com\/channel\/UCbg3iwnGqFHLWPDmX3Zi8-g\" target=\"_blank\">zu den Videos<\/a><\/p>\n\n\n\n<figure class=\"wp-block-gallery columns-2 is-cropped tw-cols-large wp-block-gallery-2 is-layout-flex wp-block-gallery-is-layout-flex\"><ul class=\"blocks-gallery-grid\"><li class=\"blocks-gallery-item\"><figure><img loading=\"lazy\" decoding=\"async\" width=\"1000\" height=\"1000\" src=\"https:\/\/www.calu.de\/blog\/wp-content\/uploads\/2021\/01\/Tiggeler_4.jpg\" alt=\"Nicola Tiggeler, Timothy Peach und Claudia Fischer in der Maske\" data-id=\"315\" data-full-url=\"https:\/\/www.calu.de\/blog\/wp-content\/uploads\/2021\/01\/Tiggeler_4.jpg\" data-link=\"https:\/\/www.calu.de\/blog\/?attachment_id=315\" class=\"wp-image-315\" srcset=\"https:\/\/www.calu.de\/blog\/wp-content\/uploads\/2021\/01\/Tiggeler_4.jpg 1000w, https:\/\/www.calu.de\/blog\/wp-content\/uploads\/2021\/01\/Tiggeler_4-300x300.jpg 300w, https:\/\/www.calu.de\/blog\/wp-content\/uploads\/2021\/01\/Tiggeler_4-150x150.jpg 150w, https:\/\/www.calu.de\/blog\/wp-content\/uploads\/2021\/01\/Tiggeler_4-768x768.jpg 768w\" sizes=\"auto, (max-width: 1000px) 100vw, 1000px\" \/><\/figure><\/li><li class=\"blocks-gallery-item\"><figure><img loading=\"lazy\" decoding=\"async\" width=\"1072\" height=\"1072\" src=\"https:\/\/www.calu.de\/blog\/wp-content\/uploads\/2021\/01\/Tiggeler_3.jpg\" alt=\"Nicola Tiggeler wird von der Stylistin zurecht gemacht. Im Vordergrund sind die Kamera und das Mikrofon zu sehen.\" data-id=\"316\" data-full-url=\"https:\/\/www.calu.de\/blog\/wp-content\/uploads\/2021\/01\/Tiggeler_3.jpg\" data-link=\"https:\/\/www.calu.de\/blog\/?attachment_id=316\" class=\"wp-image-316\" srcset=\"https:\/\/www.calu.de\/blog\/wp-content\/uploads\/2021\/01\/Tiggeler_3.jpg 1072w, https:\/\/www.calu.de\/blog\/wp-content\/uploads\/2021\/01\/Tiggeler_3-300x300.jpg 300w, https:\/\/www.calu.de\/blog\/wp-content\/uploads\/2021\/01\/Tiggeler_3-1024x1024.jpg 1024w, https:\/\/www.calu.de\/blog\/wp-content\/uploads\/2021\/01\/Tiggeler_3-150x150.jpg 150w, https:\/\/www.calu.de\/blog\/wp-content\/uploads\/2021\/01\/Tiggeler_3-768x768.jpg 768w\" sizes=\"auto, (max-width: 1072px) 100vw, 1072px\" \/><\/figure><\/li><li class=\"blocks-gallery-item\"><figure><img loading=\"lazy\" decoding=\"async\" width=\"1000\" height=\"1000\" src=\"https:\/\/www.calu.de\/blog\/wp-content\/uploads\/2021\/01\/Tiggeler_1.jpg\" alt=\"Nicola Tiggeler wird fotografiert\" data-id=\"318\" data-full-url=\"https:\/\/www.calu.de\/blog\/wp-content\/uploads\/2021\/01\/Tiggeler_1.jpg\" data-link=\"https:\/\/www.calu.de\/blog\/?attachment_id=318\" class=\"wp-image-318\" srcset=\"https:\/\/www.calu.de\/blog\/wp-content\/uploads\/2021\/01\/Tiggeler_1.jpg 1000w, https:\/\/www.calu.de\/blog\/wp-content\/uploads\/2021\/01\/Tiggeler_1-300x300.jpg 300w, https:\/\/www.calu.de\/blog\/wp-content\/uploads\/2021\/01\/Tiggeler_1-150x150.jpg 150w, https:\/\/www.calu.de\/blog\/wp-content\/uploads\/2021\/01\/Tiggeler_1-768x768.jpg 768w\" sizes=\"auto, (max-width: 1000px) 100vw, 1000px\" \/><\/figure><\/li><li class=\"blocks-gallery-item\"><figure><img loading=\"lazy\" decoding=\"async\" width=\"1000\" height=\"999\" src=\"https:\/\/www.calu.de\/blog\/wp-content\/uploads\/2021\/01\/Tiggeler_2.jpg\" alt=\"Claudia Fischer und Nicola Tiggeler mit Sektglas in der Hand\" data-id=\"317\" data-full-url=\"https:\/\/www.calu.de\/blog\/wp-content\/uploads\/2021\/01\/Tiggeler_2.jpg\" data-link=\"https:\/\/www.calu.de\/blog\/?attachment_id=317\" class=\"wp-image-317\" srcset=\"https:\/\/www.calu.de\/blog\/wp-content\/uploads\/2021\/01\/Tiggeler_2.jpg 1000w, https:\/\/www.calu.de\/blog\/wp-content\/uploads\/2021\/01\/Tiggeler_2-300x300.jpg 300w, https:\/\/www.calu.de\/blog\/wp-content\/uploads\/2021\/01\/Tiggeler_2-150x150.jpg 150w, https:\/\/www.calu.de\/blog\/wp-content\/uploads\/2021\/01\/Tiggeler_2-768x767.jpg 768w\" sizes=\"auto, (max-width: 1000px) 100vw, 1000px\" \/><\/figure><\/li><\/ul><figcaption class=\"blocks-gallery-caption\">Hinter den Kulissen des Videodrehs<\/figcaption><\/figure>\n\n\n\n<figure class=\"wp-block-embed-youtube wp-block-embed is-type-video is-provider-youtube wp-embed-aspect-16-9 wp-has-aspect-ratio\"><div class=\"wp-block-embed__wrapper\">\n<iframe loading=\"lazy\" title=\"Nicola Tiggeler: &quot;F\u00fcr meine Haut nur Calu.&quot;\" width=\"580\" height=\"326\" src=\"https:\/\/www.youtube.com\/embed\/gahe2Br3gzU?feature=oembed\" frameborder=\"0\" allow=\"accelerometer; autoplay; clipboard-write; encrypted-media; gyroscope; picture-in-picture; web-share\" referrerpolicy=\"strict-origin-when-cross-origin\" allowfullscreen><\/iframe>\n<\/div><\/figure>\n\n\n\n<h2 class=\"wp-block-heading\">Calu Colour &#8211; endlich da<\/h2>\n\n\n\n<p>Im Oktober erblickte Calu Colour das Licht der Welt. Wir hatten schon sehr lange den Wunsch unser Schminkrepertoire, das bisher nur aus 4 Lippenstiften und Mascara bestand, auszubauen. Nach einer langen Produkttestphase konnte das Mammut-Projekt endlich losgehen: ein dreiviertel Jahr lang Produkte festlegen, Farben ausw\u00e4hlen und definieren, Verpackungen herstellen, Produkttexte schreiben, visuelles Erscheinungsbild f\u00fcr Calu Colour entwickeln, Produktfotos erstellen, Webshop &amp; Katalog gestalten, Werbema\u00dfnahmen vorbereiten uvm. <br>Wir sind absolut \u00fcberw\u00e4ltigt, wie gut Calu Colour bei euch ankommt und bedanken uns f\u00fcr euer Vertrauen.<\/p>\n\n\n\n<figure class=\"wp-block-gallery columns-2 is-cropped tw-cols-large wp-block-gallery-3 is-layout-flex wp-block-gallery-is-layout-flex\"><ul class=\"blocks-gallery-grid\"><li class=\"blocks-gallery-item\"><figure><img loading=\"lazy\" decoding=\"async\" width=\"1000\" height=\"1000\" src=\"https:\/\/www.calu.de\/blog\/wp-content\/uploads\/2021\/01\/Colour_2.jpg\" alt=\"Verschieden Rott\u00f6ne als Farbstrich auf dem Handr\u00fccken\" data-id=\"323\" data-full-url=\"https:\/\/www.calu.de\/blog\/wp-content\/uploads\/2021\/01\/Colour_2.jpg\" data-link=\"https:\/\/www.calu.de\/blog\/?attachment_id=323\" class=\"wp-image-323\" srcset=\"https:\/\/www.calu.de\/blog\/wp-content\/uploads\/2021\/01\/Colour_2.jpg 1000w, https:\/\/www.calu.de\/blog\/wp-content\/uploads\/2021\/01\/Colour_2-300x300.jpg 300w, https:\/\/www.calu.de\/blog\/wp-content\/uploads\/2021\/01\/Colour_2-150x150.jpg 150w, https:\/\/www.calu.de\/blog\/wp-content\/uploads\/2021\/01\/Colour_2-768x768.jpg 768w\" sizes=\"auto, (max-width: 1000px) 100vw, 1000px\" \/><\/figure><\/li><li class=\"blocks-gallery-item\"><figure><img decoding=\"async\" src=\"https:\/\/www.calu.de\/blog\/wp-content\/uploads\/2021\/01\/Colour_4.jpg\" alt=\"Calu-Mitarbeiterinnen pr\u00fcfen die ersten Druckb\u00f6gen des Calu Colour Kataloges in der Druckerei\" data-id=\"321\" data-full-url=\"https:\/\/www.calu.de\/blog\/wp-content\/uploads\/2021\/01\/Colour_4.jpg\" data-link=\"https:\/\/www.calu.de\/blog\/?attachment_id=321\" class=\"wp-image-321\"\/><\/figure><\/li><li class=\"blocks-gallery-item\"><figure><img loading=\"lazy\" decoding=\"async\" width=\"1000\" height=\"1000\" src=\"https:\/\/www.calu.de\/blog\/wp-content\/uploads\/2021\/01\/Colour_3.jpg\" alt=\"Nahaufnahme eines Druckbogens des Calu Colour Kataloges\" data-id=\"322\" data-full-url=\"https:\/\/www.calu.de\/blog\/wp-content\/uploads\/2021\/01\/Colour_3.jpg\" data-link=\"https:\/\/www.calu.de\/blog\/?attachment_id=322\" class=\"wp-image-322\" srcset=\"https:\/\/www.calu.de\/blog\/wp-content\/uploads\/2021\/01\/Colour_3.jpg 1000w, https:\/\/www.calu.de\/blog\/wp-content\/uploads\/2021\/01\/Colour_3-300x300.jpg 300w, https:\/\/www.calu.de\/blog\/wp-content\/uploads\/2021\/01\/Colour_3-150x150.jpg 150w, https:\/\/www.calu.de\/blog\/wp-content\/uploads\/2021\/01\/Colour_3-768x768.jpg 768w\" sizes=\"auto, (max-width: 1000px) 100vw, 1000px\" \/><\/figure><\/li><li class=\"blocks-gallery-item\"><figure><img loading=\"lazy\" decoding=\"async\" width=\"1000\" height=\"1333\" src=\"https:\/\/www.calu.de\/blog\/wp-content\/uploads\/2021\/01\/Colour_1.jpg\" alt=\"Calu Colour Produkte auf einem Tablett arangiert\" data-id=\"324\" data-full-url=\"https:\/\/www.calu.de\/blog\/wp-content\/uploads\/2021\/01\/Colour_1.jpg\" data-link=\"https:\/\/www.calu.de\/blog\/?attachment_id=324\" class=\"wp-image-324\" srcset=\"https:\/\/www.calu.de\/blog\/wp-content\/uploads\/2021\/01\/Colour_1.jpg 1000w, https:\/\/www.calu.de\/blog\/wp-content\/uploads\/2021\/01\/Colour_1-225x300.jpg 225w, https:\/\/www.calu.de\/blog\/wp-content\/uploads\/2021\/01\/Colour_1-768x1024.jpg 768w\" sizes=\"auto, (max-width: 1000px) 100vw, 1000px\" \/><\/figure><\/li><\/ul><\/figure>\n","protected":false},"excerpt":{"rendered":"<p>Liebe Leserin, lieber Leser,ein bewegtes und herausforderndes Jahr 2020 ist vorbei. Dennoch gelang es uns, miteinander viele Ziele und Projekte zu realisieren. Wir sind &#8222;Spitze&#8220; Mit dem Motto \u201eGemeinsam sind wir Spitze\u201c starteten wir Anfang M\u00e4rz eine Spendenaktion f\u00fcr das Frauenhaus Memmingen, das Frauen in Not in unserer Heimatstadt sch\u00fctzt und unterst\u00fctzt. Wir spendeten 6&hellip;<\/p>\n","protected":false},"author":3,"featured_media":326,"comment_status":"open","ping_status":"open","sticky":false,"template":"","format":"standard","meta":{"footnotes":""},"categories":[12],"tags":[27,29,33,28,31,30,34],"class_list":["post-335","post","type-post","status-publish","format-standard","has-post-thumbnail","hentry","category-insights","tag-27","tag-colour","tag-hinter-den-kulissen","tag-jahresrueckblick","tag-nicola-tiggeler","tag-spendenaktion","tag-videos"],"_links":{"self":[{"href":"https:\/\/www.calu.de\/blog\/wp-json\/wp\/v2\/posts\/335","targetHints":{"allow":["GET"]}}],"collection":[{"href":"https:\/\/www.calu.de\/blog\/wp-json\/wp\/v2\/posts"}],"about":[{"href":"https:\/\/www.calu.de\/blog\/wp-json\/wp\/v2\/types\/post"}],"author":[{"embeddable":true,"href":"https:\/\/www.calu.de\/blog\/wp-json\/wp\/v2\/users\/3"}],"replies":[{"embeddable":true,"href":"https:\/\/www.calu.de\/blog\/wp-json\/wp\/v2\/comments?post=335"}],"version-history":[{"count":10,"href":"https:\/\/www.calu.de\/blog\/wp-json\/wp\/v2\/posts\/335\/revisions"}],"predecessor-version":[{"id":347,"href":"https:\/\/www.calu.de\/blog\/wp-json\/wp\/v2\/posts\/335\/revisions\/347"}],"wp:featuredmedia":[{"embeddable":true,"href":"https:\/\/www.calu.de\/blog\/wp-json\/wp\/v2\/media\/326"}],"wp:attachment":[{"href":"https:\/\/www.calu.de\/blog\/wp-json\/wp\/v2\/media?parent=335"}],"wp:term":[{"taxonomy":"category","embeddable":true,"href":"https:\/\/www.calu.de\/blog\/wp-json\/wp\/v2\/categories?post=335"},{"taxonomy":"post_tag","embeddable":true,"href":"https:\/\/www.calu.de\/blog\/wp-json\/wp\/v2\/tags?post=335"}],"curies":[{"name":"wp","href":"https:\/\/api.w.org\/{rel}","templated":true}]}}