{"id":22,"date":"2020-11-13T16:14:43","date_gmt":"2020-11-13T16:14:43","guid":{"rendered":"https:\/\/blogtest.calu.de\/blog\/?p=22"},"modified":"2021-02-22T13:23:37","modified_gmt":"2021-02-22T13:23:37","slug":"sensible-haut","status":"publish","type":"post","link":"https:\/\/www.calu.de\/blog\/sensible-haut\/","title":{"rendered":"Sensible Haut"},"content":{"rendered":"\n<h2 class=\"has-primary-color has-text-color wp-block-heading\">Calu Kosmetik ist f\u00fcr die sensibelste Haut geeignet<\/h2>\n\n\n\n<p>Wir haben doch alle diese eine Freundin, bei der die Haut hochsensibel reagiert und sie sich schon gar nicht mehr traut, irgendeine Creme zu verwenden &#8230; Mit unseren Calu-Kosmetik-Produkten l\u00e4sst sich \u201eProblemhaut\u201c sehr schnell in \u201eWohlf\u00fchlhaut\u201c verwandeln.<\/p>\n\n\n\n<p>Calu Kosmetik verzichtet konsequent auf kritische, hautreizende Inhaltsstoffe und setzt stattdessen auf Natur\u00f6le und hautberuhigende Wirkstoffe.<\/p>\n\n\n\n<p>Alle Calu-Produkte sind optimal f\u00fcr sensible Haut geeignet und so gut vertr\u00e4glich, dass wir es uns erlauben k\u00f6nnen Ihnen eine 100% GELD-ZUR\u00dcCK-GARANTIE anzubieten.<\/p>\n\n\n\n<h2 class=\"has-primary-color has-text-color wp-block-heading\">Bringen Sie Ihre Haut ins Gleichgewicht<\/h2>\n\n\n\n<p>Unsere Cremes beruhigen, entspannen und st\u00e4rken die Hautbarriere. <strong>W\u00e4hlen Sie je nach Fett- bzw. Feuchtigkeitsbed\u00fcrfnis Ihrer Haut(partien):<\/strong><\/p>\n\n\n\n<p><strong><a href=\"https:\/\/www.calu.de\/produkte\/no4a-hydro-vital-creme\/\" target=\"_blank\" rel=\"noreferrer noopener\">N\u00b0 4a Hydro Vital Creme<\/a>:<\/strong> <strong>Leichte Gel-Creme f\u00fcr feuchtigkeitsarme Haut.<\/strong> Seidige Feuchtigkeitspflege mit hochwirksamer Hyalurons\u00e4ure f\u00fcr eine sp\u00fcrbar frische, glatte und strahlende Haut. <\/p>\n\n\n\n<p><a href=\"https:\/\/www.calu.de\/produkte\/no4b-vitamin-balance-creme\/\" target=\"_blank\" rel=\"noreferrer noopener\">&nbsp;<strong>N\u00b0 4b Vitamin Balance Creme<\/strong><\/a><strong>: Ausgewogenes Fett-\/Feuchtigkeitsverh\u00e4ltnis f\u00fcr jeden Hauttyp geeignet. <\/strong>Harmonisierende, energiespendende Vitaminbalance Creme mit hochwirksamem Anti-Aging-Wirkstoffkomplex. Sch\u00fctzt und st\u00e4rkt maximal &#8211; erh\u00f6ht die nat\u00fcrliche Energie und Vitalit\u00e4t Ihrer Haut. <\/p>\n\n\n\n<p>&nbsp;<strong><a href=\"https:\/\/www.calu.de\/produkte\/no4c-intensiv-repair-creme\/\" target=\"_blank\" rel=\"noreferrer noopener\">N\u00b0 4c Intensiv Repair Creme<\/a>: Reichhaltige Aufbaupflege f\u00fcr fett-trockene \/ regenerationsbed\u00fcrftige Haut(partien).<\/strong> Intensivrepair-Pflege der Extraklasse zur St\u00e4rkung der hauteigenen Regeneration. Mit hochdosierten Vitaminen und innovativen Wirkstoffen. <\/p>\n\n\n\n<h2 class=\"has-primary-color has-text-color wp-block-heading\">Individuelle Beauty-Beratung<\/h2>\n\n\n\n<p>Unsere Haut ist sensibel und reagiert ganz individuell auf Ver\u00e4nderungen, wie z.B. den Wechsel der Jahreszeiten, der Lebensumst\u00e4nde und\/oder auf Umwelteinfl\u00fcsse. Zudem ist die zarte Haut der Augen- und Wangenpartie im Vergleich zu Stirn, Nase und Kinn empfindlicher und trockener und ben\u00f6tigt somit intensivere Unterst\u00fctzung.<\/p>\n\n\n\n<p>Mit dem Calu-Pflegesystem gehen Sie immer ganz individuell auf Ihr momentanes Hautbed\u00fcrfnis ein, zudem k\u00f6nnen Sie alle Calu-Wirkstoffformulierungen wunderbar miteinander kombinieren und sogar mischen.<\/p>\n\n\n\n<p>Ihre Hautgesundheit steht bei uns im Mittelpunkt! Erfahren Sie in einem pers\u00f6nlichen Beratungsgespr\u00e4ch mit unseren speziell geschulten Kosmetikexpertinnen, welche Produkte f\u00fcr Sie die besten Anti-Aging-Ergebnisse erzielen. Sie nehmen sich gerne Zeit und beraten Sie kostenlos und unverbindlich zu allen Fragen rund um Ihre Haut und den Calu-Produkten. <\/p>\n\n\n\n\n\n<h2 class=\"has-primary-color has-text-color wp-block-heading\">Vom ersten Tag an<\/h2>\n\n\n\n<figure class=\"wp-block-image size-large\"><img loading=\"lazy\" decoding=\"async\" width=\"600\" height=\"522\" src=\"https:\/\/blogtest.calu.de\/blog\/wp-content\/uploads\/2020\/10\/baby_caluechen.jpg\" alt=\"Gl\u00fcckliches Baby mit sensibler Haut liegt mit Handtuch auf dem K\u00f6rper auf dem Bauch, grinst in die Kamera und hat die rechte Hand im Mund\" class=\"wp-image-71\" srcset=\"https:\/\/www.calu.de\/blog\/wp-content\/uploads\/2020\/10\/baby_caluechen.jpg 600w, https:\/\/www.calu.de\/blog\/wp-content\/uploads\/2020\/10\/baby_caluechen-300x261.jpg 300w\" sizes=\"auto, (max-width: 600px) 100vw, 600px\" \/><\/figure>\n\n\n\n<p>Die sorgf\u00e4ltig ausgew\u00e4hlten, besonders hautpflegenden Inhaltsstoffe der milden <a href=\"https:\/\/www.calu.de\/produkte\/caluechen-zaubercreme\/\" target=\"_blank\" rel=\"noreferrer noopener\">Cal\u00fcchen Kindercreme<\/a>, beruhigen und sch\u00fctzen speziell zarte, empfindliche Baby- und Kinderhaut vom ersten Lebenstag an. Mit Allantoin, Bisabolol, Oliven\u00f6l, Panthenol und Aloe Vera-Extrakt.<\/p>\n\n\n\n<h2 class=\"has-primary-color has-text-color wp-block-heading\">Trockene, juckende K\u00f6rperhaut<\/h2>\n\n\n\n<figure class=\"wp-block-image size-large\"><img loading=\"lazy\" decoding=\"async\" width=\"600\" height=\"522\" src=\"https:\/\/blogtest.calu.de\/blog\/wp-content\/uploads\/2020\/10\/beine_bodylotion.jpg\" alt=\"Frau in Bademantel sitzt auf Bett und cremt die sensible Haut ihrer Beine mit Calu Bodylotion ein\" class=\"wp-image-72\" srcset=\"https:\/\/www.calu.de\/blog\/wp-content\/uploads\/2020\/10\/beine_bodylotion.jpg 600w, https:\/\/www.calu.de\/blog\/wp-content\/uploads\/2020\/10\/beine_bodylotion-300x261.jpg 300w\" sizes=\"auto, (max-width: 600px) 100vw, 600px\" \/><\/figure>\n\n\n\n<p>Verwandeln Sie mit <a href=\"https:\/\/www.calu.de\/produkte\/no11-bodylotion\/\" target=\"_blank\" rel=\"noreferrer noopener\">My Moment Bodylotion<\/a> schuppige Haut in samtig-zarte Wohlf\u00fchlhaut. Sie verw\u00f6hnt und pflegt intensiv. Genie\u00dfen Sie das angenehme Gef\u00fchl beruhigter, entspannter Haut. Mit Vitamin E, Allantoin, Squalan, Bisabolol und Avocado\u00f6l aus kontrolliert biologischem Anbau<\/p>\n\n\n\n<h2 class=\"wp-block-heading\">Begeisterte Kunden sagen<\/h2>\n\n\n\n<blockquote class=\"wp-block-quote has-text-align-left is-style-tw-icon is-layout-flow wp-block-quote-is-layout-flow\"><p>Ich bin sehr, sehr zufrieden mit Calu, habe dadurch meine Medikamente wegen Morbus Duhring reduzieren k\u00f6nnen. Wenn das kein Erfolg ist!!! Ich bin sehr gl\u00fccklich dar\u00fcber!!! Vielen Dank an alle die f\u00fcr Calu forschen und arbeiten.<\/p><cite>Herzlichen Dank, Ihre Ingrid N.<\/cite><\/blockquote>\n\n\n\n<p class=\"has-text-align-center\">\u2665<\/p>\n\n\n\n<blockquote class=\"wp-block-quote has-text-align-left is-style-tw-icon is-layout-flow wp-block-quote-is-layout-flow\"><p>Hallo liebes Team, <br>meine Mutter nutzt schon seit Jahren Gefro Produkte zum Kochen. Schon allein diese sind himmlisch. Dann entdeckten wir beide neulich eure CALU KOSMETIK Marke. Haben uns Proben bestellt, und sind begeistert. Ich habe, bedingt durch meine Allergie auf verschiedene Kosmetika, schon aufgegeben, Cremes und andere Pflege zu verwenden. Und sitze oft mit trockener Haut da. Auch Hypoallergene Naturkosmetik war f\u00fcr mich schwierig. Immer wieder Kontaktekzeme und Ausschl\u00e4ge. Ihre Produkte hingegen vertrage ich wirklich super. Was auch nur positiv f\u00fcr eure Inhaltsstoffe spricht. Und ihr euer Versprechen gehalten habt. Wir sind rund um sehr zufrieden. Der Kundenservice ist super nett. Der Versand geht wirklich rasch. Die kosmetische Haut-Beratung sehr zuverl\u00e4ssig und professionell. Die Produkte duften selbst in der Verpackung herrlich frisch. Das Aussehen der Produkte spricht uns sehr an. Es sieht sehr elegant aus.<br>Dies gilt nat\u00fcrlich auch f\u00fcr Gefro. Meine Mutter ist auch begeistert. Ihrer Haut tut es sehr gut. Wir haben gleich paar Produkte nachgeordert. Danke an euch und an Gefro f\u00fcr diesen tollen Tipp. Ich kann euch w\u00e4rmstens weiter empfehlen. Weiter so.<\/p><cite>Ihre Karin S.<\/cite><\/blockquote>\n\n\n\n<p class=\"has-text-align-center\">\u2665<\/p>\n\n\n\n<blockquote class=\"wp-block-quote has-text-align-left is-style-tw-icon is-layout-flow wp-block-quote-is-layout-flow\"><p>Liebes Calu Team<br>vorab: SUPER<br>Ich habe mir vor Kurzem aus einer Zeitschrift eine Anzeige von CALU-Kosmetik ausgeschnitten mit dem Hintergedanken, wieder jemand, der meint, er h\u00e4tte die beste Kosmetik. Genau dem ist so! Da ich eine sehr sensible Haut habe, dachte ich mir, wenn ich diese Kosmetik auftrage, sieht meine Haut wieder aus wie ein Streuselkuchen. Pustekuchen! Das tolle an dieser Kosmetik, man kann sie unter einander mischen und es passiert nichts. Bei anderer Kosmetika habe ich entweder gegl\u00e4nzt oder aber meine Haut hatte zu wenig Feuchtigkeit. Ich benutze CALU seit \u00fcber 2 Wochen und meine Haut sieht schon bedeutend besser aus, wie Sie schreiben,\u201c&#8230;lassen Sie Ihre Haut selbst entscheiden\u201c. CALU ist auch f\u00fcr sensible Haut hervorragend geeignet. Ich werde diese immer wieder kaufen. Ich hoffe, Ihnen mit meiner Bewertung geholfen zu haben und verbleibe mit freundlichen Gr\u00fc\u00dfen.<br>Die n\u00e4chste Bestellung kommt bestimmt!<\/p><cite>Delia J.<\/cite><\/blockquote>\n\n\n\n<p>In einer Welt voller M\u00f6glichkeiten ist es wichtig eine Kosmetik zu finden, der man vertrauen kann.<\/p>\n\n\n\n<p>Herzlichst, Eure Claudia Fischer<\/p>\n\n\n\n<figure class=\"wp-block-image size-large is-resized\"><img loading=\"lazy\" decoding=\"async\" src=\"https:\/\/blogtest.calu.de\/blog\/wp-content\/uploads\/2020\/10\/ClaudiaFischer.jpg\" alt=\"Claudia Fischer\" class=\"wp-image-80\" width=\"173\" height=\"173\" srcset=\"https:\/\/www.calu.de\/blog\/wp-content\/uploads\/2020\/10\/ClaudiaFischer.jpg 600w, https:\/\/www.calu.de\/blog\/wp-content\/uploads\/2020\/10\/ClaudiaFischer-300x300.jpg 300w, https:\/\/www.calu.de\/blog\/wp-content\/uploads\/2020\/10\/ClaudiaFischer-150x150.jpg 150w\" sizes=\"auto, (max-width: 173px) 100vw, 173px\" \/><\/figure>\n","protected":false},"excerpt":{"rendered":"<p>Calu Kosmetik ist f\u00fcr die sensibelste Haut geeignet Wir haben doch alle diese eine Freundin, bei der die Haut hochsensibel reagiert und sie sich schon gar nicht mehr traut, irgendeine Creme zu verwenden &#8230; Mit unseren Calu-Kosmetik-Produkten l\u00e4sst sich \u201eProblemhaut\u201c sehr schnell in \u201eWohlf\u00fchlhaut\u201c verwandeln. Calu Kosmetik verzichtet konsequent auf kritische, hautreizende Inhaltsstoffe und setzt&hellip;<\/p>\n","protected":false},"author":3,"featured_media":58,"comment_status":"open","ping_status":"open","sticky":false,"template":"","format":"standard","meta":{"footnotes":""},"categories":[5],"tags":[9,11,8,7,10,6],"class_list":["post-22","post","type-post","status-publish","format-standard","has-post-thumbnail","hentry","category-haut","tag-balance","tag-beratung","tag-gleichgewicht","tag-haut","tag-sensibel","tag-sensible-haut"],"_links":{"self":[{"href":"https:\/\/www.calu.de\/blog\/wp-json\/wp\/v2\/posts\/22","targetHints":{"allow":["GET"]}}],"collection":[{"href":"https:\/\/www.calu.de\/blog\/wp-json\/wp\/v2\/posts"}],"about":[{"href":"https:\/\/www.calu.de\/blog\/wp-json\/wp\/v2\/types\/post"}],"author":[{"embeddable":true,"href":"https:\/\/www.calu.de\/blog\/wp-json\/wp\/v2\/users\/3"}],"replies":[{"embeddable":true,"href":"https:\/\/www.calu.de\/blog\/wp-json\/wp\/v2\/comments?post=22"}],"version-history":[{"count":53,"href":"https:\/\/www.calu.de\/blog\/wp-json\/wp\/v2\/posts\/22\/revisions"}],"predecessor-version":[{"id":604,"href":"https:\/\/www.calu.de\/blog\/wp-json\/wp\/v2\/posts\/22\/revisions\/604"}],"wp:featuredmedia":[{"embeddable":true,"href":"https:\/\/www.calu.de\/blog\/wp-json\/wp\/v2\/media\/58"}],"wp:attachment":[{"href":"https:\/\/www.calu.de\/blog\/wp-json\/wp\/v2\/media?parent=22"}],"wp:term":[{"taxonomy":"category","embeddable":true,"href":"https:\/\/www.calu.de\/blog\/wp-json\/wp\/v2\/categories?post=22"},{"taxonomy":"post_tag","embeddable":true,"href":"https:\/\/www.calu.de\/blog\/wp-json\/wp\/v2\/tags?post=22"}],"curies":[{"name":"wp","href":"https:\/\/api.w.org\/{rel}","templated":true}]}}